{"id":2430,"date":"2023-12-15T10:11:40","date_gmt":"2023-12-15T10:11:40","guid":{"rendered":"https:\/\/areco.org.es\/?p=2430"},"modified":"2023-12-15T10:11:40","modified_gmt":"2023-12-15T10:11:40","slug":"reusable-transport-packaging-contributes-to-achieving-cop28-targets","status":"publish","type":"post","link":"https:\/\/areco.org.es\/en\/reusable-transport-packaging-contributes-to-achieving-cop28-targets\/","title":{"rendered":"Reusable transport packaging contributes to achieving COP28 targets"},"content":{"rendered":"<p><strong>Analysis of COP28 by Sahar Azarkamand, ARECO Postdoctoral Research Fellow at the UNESCO Chair in Life Cycle and Climate Change at ESCI-UPF<\/strong><\/p>\n<p><a href=\"https:\/\/areco.org.es\/en\/sahar-azarkamand-new-researcher-of-the-areco-fellowship-of-the-unesco-chair-on-life-cycle\/\">Sahar Azarkamand<\/a>, postdoctoral researcher at the UNESCO Chair in Life Cycle and Climate Change at ESCI-UPF and ARECO Postdoctoral Research Fellow, has attended the 2023 United Nations Climate Change Conference or UNFCCC Conference of the Parties, better known as COP28, participating in different debates, conferences and round tables related to the food system.<\/p>\n<p>Food systems are responsible for 23-42% of global greenhouse gas (GHG) emissions (IPCC, 2022). According to FAO data from 2023, in Spain 27% of greenhouse gas emissions from post-agricultural production, equivalent to 5,030.50 tCO2 Equiv. come from packaging and retail.<\/p>\n<p>COP28 put the climate impact of the food system on the agenda and a new declaration \u2018COP28 UAE Declaration on Sustainable Agriculture, Resilient Food Systems, and Climate Action.\u2019 signed by 158 nations pledging to bring down emissions caused by the food system. More than $3.1 billion has been mobilized by the global community to support the food-climate agenda.<\/p>\n<p>It is the first COP where the distribution in the food system has been taken into account as an integral part of efforts to combat climate change. \u00a0Heads of state and governments recognized the profound potential of agriculture and food systems to drive powerful and innovative responses to climate change and to unlock shared prosperity for all.<\/p>\n<p>In this regard, the outcome of the first global stocktake, Article 63, Part B, was mentioned, focusing on attaining climate-resilient food and agricultural production, <strong>supply, and distribution of food<\/strong>, as well as increasing sustainable and regenerative production and ensuring equitable access to adequate food and nutrition for all.<\/p>\n<p>Packaging is recognized as an important component of the food system. Areco, by introducing Reusable Transport Packaging (RTP) with a lower carbon footprint (88%) than single-use cardboard boxes (BALA and FULLANA, 2017), and transitioning from cardboard boxes to RPC crates throughout the supply chain, has the great potential to reduce carbon footprint and can contribute to achieving COP28 goals.<\/p>\n<p><strong>References: <\/strong><\/p>\n<p>BALA, A., and FULLANA, P., 2017, An\u00e1lisis comparado de diferentes opcines de distribuci\u00f3n de frutas y verduras en espa\u00f1a basado en el ACV, C\u00e1tedra UNESCO de Ciclo de Vida y Cambio Clim\u00e1tico, ECSI-UPF.https:\/\/areco.org.es\/wp-content\/uploads\/2021\/02\/Memoria_final_Estudio_ACV_ARECO.pdf<\/p>\n<p>Food and Agriculture Organization of the United Nations (FAO), 2023, Emissions from pre and post agricultural production, https:\/\/www.fao.org\/faostat\/en\/#data\/GPP<\/p>\n<p><a href=\"https:\/\/www.sciencedirect.com\/science\/article\/pii\/S0959652623014312#bbib27\">IPCC et al., 2022<\/a>, Climate Change 2022: Mitigation of Climate Change. Contribution of Working Group III to the Sixth Assessment Report of the Intergovernmental Panel on Climate Change,\u00a0Cambridge University Press,\u00a0Cambridge, UK and New York, NY, USA\u00a0(2022),\u00a0<a href=\"https:\/\/doi.org\/10.1017\/9781009157926\">10.1017\/9781009157926<\/a><\/p>\n<p>&nbsp;<\/p>\n","protected":false},"excerpt":{"rendered":"<p>Analysis of COP28 by Sahar Azarkamand, ARECO Postdoctoral Research Fellow at the UNESCO Chair in Life Cycle and Climate Change at ESCI-UPF Sahar Azarkamand, postdoctoral researcher at the UNESCO Chair in Life Cycle and Climate Change at ESCI-UPF and ARECO Postdoctoral Research Fellow, has attended the 2023 United Nations Climate Change Conference or UNFCCC Conference of the Parties, better known&hellip;<\/p>\n","protected":false},"author":990003,"featured_media":2427,"comment_status":"closed","ping_status":"closed","sticky":false,"template":"","format":"standard","meta":{"footnotes":""},"categories":[61],"tags":[135,134],"class_list":["post-2430","post","type-post","status-publish","format-standard","has-post-thumbnail","hentry","category-uncategorized","tag-cop28-en","tag-food-systems"],"yoast_head":"<!-- This site is optimized with the Yoast SEO plugin v26.7 - https:\/\/yoast.com\/wordpress\/plugins\/seo\/ -->\n<title>Reusable transport packaging contributes to achieving COP28 targets - ARECO<\/title>\n<meta name=\"description\" content=\"Food systems in COP28\" \/>\n<meta name=\"robots\" content=\"index, follow, max-snippet:-1, max-image-preview:large, max-video-preview:-1\" \/>\n<link rel=\"canonical\" href=\"https:\/\/areco.org.es\/en\/reusable-transport-packaging-contributes-to-achieving-cop28-targets\/\" \/>\n<meta property=\"og:locale\" content=\"en_US\" \/>\n<meta property=\"og:type\" content=\"article\" \/>\n<meta property=\"og:title\" content=\"Reusable transport packaging contributes to achieving COP28 targets - ARECO\" \/>\n<meta property=\"og:description\" content=\"Food systems in COP28\" \/>\n<meta property=\"og:url\" content=\"https:\/\/areco.org.es\/en\/reusable-transport-packaging-contributes-to-achieving-cop28-targets\/\" \/>\n<meta property=\"og:site_name\" content=\"ARECO\" \/>\n<meta property=\"article:published_time\" content=\"2023-12-15T10:11:40+00:00\" \/>\n<meta property=\"og:image\" content=\"https:\/\/areco.org.es\/wp-content\/uploads\/2023\/12\/photo_6037343942560825957_y.jpg\" \/>\n\t<meta property=\"og:image:width\" content=\"848\" \/>\n\t<meta property=\"og:image:height\" content=\"500\" \/>\n\t<meta property=\"og:image:type\" content=\"image\/jpeg\" \/>\n<meta name=\"author\" content=\"patricia\" \/>\n<meta name=\"twitter:card\" content=\"summary_large_image\" \/>\n<meta name=\"twitter:label1\" content=\"Written by\" \/>\n\t<meta name=\"twitter:data1\" content=\"patricia\" \/>\n\t<meta name=\"twitter:label2\" content=\"Est. reading time\" \/>\n\t<meta name=\"twitter:data2\" content=\"3 minutes\" \/>\n<script type=\"application\/ld+json\" class=\"yoast-schema-graph\">{\"@context\":\"https:\/\/schema.org\",\"@graph\":[{\"@type\":\"Article\",\"@id\":\"https:\/\/areco.org.es\/en\/reusable-transport-packaging-contributes-to-achieving-cop28-targets\/#article\",\"isPartOf\":{\"@id\":\"https:\/\/areco.org.es\/en\/reusable-transport-packaging-contributes-to-achieving-cop28-targets\/\"},\"author\":{\"name\":\"patricia\",\"@id\":\"https:\/\/areco.org.es\/#\/schema\/person\/1e6879aaf91e1b80e28af22d96c684b6\"},\"headline\":\"Reusable transport packaging contributes to achieving COP28 targets\",\"datePublished\":\"2023-12-15T10:11:40+00:00\",\"mainEntityOfPage\":{\"@id\":\"https:\/\/areco.org.es\/en\/reusable-transport-packaging-contributes-to-achieving-cop28-targets\/\"},\"wordCount\":446,\"publisher\":{\"@id\":\"https:\/\/areco.org.es\/#organization\"},\"image\":{\"@id\":\"https:\/\/areco.org.es\/en\/reusable-transport-packaging-contributes-to-achieving-cop28-targets\/#primaryimage\"},\"thumbnailUrl\":\"https:\/\/areco.org.es\/wp-content\/uploads\/2023\/12\/photo_6037343942560825957_y.jpg\",\"keywords\":[\"COP28\",\"food systems\"],\"inLanguage\":\"en-US\"},{\"@type\":\"WebPage\",\"@id\":\"https:\/\/areco.org.es\/en\/reusable-transport-packaging-contributes-to-achieving-cop28-targets\/\",\"url\":\"https:\/\/areco.org.es\/en\/reusable-transport-packaging-contributes-to-achieving-cop28-targets\/\",\"name\":\"Reusable transport packaging contributes to achieving COP28 targets - ARECO\",\"isPartOf\":{\"@id\":\"https:\/\/areco.org.es\/#website\"},\"primaryImageOfPage\":{\"@id\":\"https:\/\/areco.org.es\/en\/reusable-transport-packaging-contributes-to-achieving-cop28-targets\/#primaryimage\"},\"image\":{\"@id\":\"https:\/\/areco.org.es\/en\/reusable-transport-packaging-contributes-to-achieving-cop28-targets\/#primaryimage\"},\"thumbnailUrl\":\"https:\/\/areco.org.es\/wp-content\/uploads\/2023\/12\/photo_6037343942560825957_y.jpg\",\"datePublished\":\"2023-12-15T10:11:40+00:00\",\"description\":\"Food systems in COP28\",\"breadcrumb\":{\"@id\":\"https:\/\/areco.org.es\/en\/reusable-transport-packaging-contributes-to-achieving-cop28-targets\/#breadcrumb\"},\"inLanguage\":\"en-US\",\"potentialAction\":[{\"@type\":\"ReadAction\",\"target\":[\"https:\/\/areco.org.es\/en\/reusable-transport-packaging-contributes-to-achieving-cop28-targets\/\"]}]},{\"@type\":\"ImageObject\",\"inLanguage\":\"en-US\",\"@id\":\"https:\/\/areco.org.es\/en\/reusable-transport-packaging-contributes-to-achieving-cop28-targets\/#primaryimage\",\"url\":\"https:\/\/areco.org.es\/wp-content\/uploads\/2023\/12\/photo_6037343942560825957_y.jpg\",\"contentUrl\":\"https:\/\/areco.org.es\/wp-content\/uploads\/2023\/12\/photo_6037343942560825957_y.jpg\",\"width\":848,\"height\":500},{\"@type\":\"BreadcrumbList\",\"@id\":\"https:\/\/areco.org.es\/en\/reusable-transport-packaging-contributes-to-achieving-cop28-targets\/#breadcrumb\",\"itemListElement\":[{\"@type\":\"ListItem\",\"position\":1,\"name\":\"Portada\",\"item\":\"https:\/\/areco.org.es\/en\/\"},{\"@type\":\"ListItem\",\"position\":2,\"name\":\"Reusable transport packaging contributes to achieving COP28 targets\"}]},{\"@type\":\"WebSite\",\"@id\":\"https:\/\/areco.org.es\/#website\",\"url\":\"https:\/\/areco.org.es\/\",\"name\":\"ARECO\",\"description\":\"Envases reutilizables\",\"publisher\":{\"@id\":\"https:\/\/areco.org.es\/#organization\"},\"potentialAction\":[{\"@type\":\"SearchAction\",\"target\":{\"@type\":\"EntryPoint\",\"urlTemplate\":\"https:\/\/areco.org.es\/?s={search_term_string}\"},\"query-input\":{\"@type\":\"PropertyValueSpecification\",\"valueRequired\":true,\"valueName\":\"search_term_string\"}}],\"inLanguage\":\"en-US\"},{\"@type\":\"Organization\",\"@id\":\"https:\/\/areco.org.es\/#organization\",\"name\":\"Areco\",\"url\":\"https:\/\/areco.org.es\/\",\"logo\":{\"@type\":\"ImageObject\",\"inLanguage\":\"en-US\",\"@id\":\"https:\/\/areco.org.es\/#\/schema\/logo\/image\/\",\"url\":\"https:\/\/areco.org.es\/wp-content\/uploads\/2021\/02\/LOGO-DEF-VECTORIAL1-1.png\",\"contentUrl\":\"https:\/\/areco.org.es\/wp-content\/uploads\/2021\/02\/LOGO-DEF-VECTORIAL1-1.png\",\"width\":432,\"height\":134,\"caption\":\"Areco\"},\"image\":{\"@id\":\"https:\/\/areco.org.es\/#\/schema\/logo\/image\/\"},\"sameAs\":[\"https:\/\/www.linkedin.com\/company\/areco-envases-reutilizables\"]},{\"@type\":\"Person\",\"@id\":\"https:\/\/areco.org.es\/#\/schema\/person\/1e6879aaf91e1b80e28af22d96c684b6\",\"name\":\"patricia\",\"image\":{\"@type\":\"ImageObject\",\"inLanguage\":\"en-US\",\"@id\":\"https:\/\/areco.org.es\/#\/schema\/person\/image\/\",\"url\":\"https:\/\/secure.gravatar.com\/avatar\/3fc075dc6170008ff08e7c8f72bbcfe84f302be8ecd11b65e26ae1f178c750aa?s=96&d=mm&r=g\",\"contentUrl\":\"https:\/\/secure.gravatar.com\/avatar\/3fc075dc6170008ff08e7c8f72bbcfe84f302be8ecd11b65e26ae1f178c750aa?s=96&d=mm&r=g\",\"caption\":\"patricia\"}}]}<\/script>\n<!-- \/ Yoast SEO plugin. -->","yoast_head_json":{"title":"Reusable transport packaging contributes to achieving COP28 targets - ARECO","description":"Food systems in COP28","robots":{"index":"index","follow":"follow","max-snippet":"max-snippet:-1","max-image-preview":"max-image-preview:large","max-video-preview":"max-video-preview:-1"},"canonical":"https:\/\/areco.org.es\/en\/reusable-transport-packaging-contributes-to-achieving-cop28-targets\/","og_locale":"en_US","og_type":"article","og_title":"Reusable transport packaging contributes to achieving COP28 targets - ARECO","og_description":"Food systems in COP28","og_url":"https:\/\/areco.org.es\/en\/reusable-transport-packaging-contributes-to-achieving-cop28-targets\/","og_site_name":"ARECO","article_published_time":"2023-12-15T10:11:40+00:00","og_image":[{"width":848,"height":500,"url":"https:\/\/areco.org.es\/wp-content\/uploads\/2023\/12\/photo_6037343942560825957_y.jpg","type":"image\/jpeg"}],"author":"patricia","twitter_card":"summary_large_image","twitter_misc":{"Written by":"patricia","Est. reading time":"3 minutes"},"schema":{"@context":"https:\/\/schema.org","@graph":[{"@type":"Article","@id":"https:\/\/areco.org.es\/en\/reusable-transport-packaging-contributes-to-achieving-cop28-targets\/#article","isPartOf":{"@id":"https:\/\/areco.org.es\/en\/reusable-transport-packaging-contributes-to-achieving-cop28-targets\/"},"author":{"name":"patricia","@id":"https:\/\/areco.org.es\/#\/schema\/person\/1e6879aaf91e1b80e28af22d96c684b6"},"headline":"Reusable transport packaging contributes to achieving COP28 targets","datePublished":"2023-12-15T10:11:40+00:00","mainEntityOfPage":{"@id":"https:\/\/areco.org.es\/en\/reusable-transport-packaging-contributes-to-achieving-cop28-targets\/"},"wordCount":446,"publisher":{"@id":"https:\/\/areco.org.es\/#organization"},"image":{"@id":"https:\/\/areco.org.es\/en\/reusable-transport-packaging-contributes-to-achieving-cop28-targets\/#primaryimage"},"thumbnailUrl":"https:\/\/areco.org.es\/wp-content\/uploads\/2023\/12\/photo_6037343942560825957_y.jpg","keywords":["COP28","food systems"],"inLanguage":"en-US"},{"@type":"WebPage","@id":"https:\/\/areco.org.es\/en\/reusable-transport-packaging-contributes-to-achieving-cop28-targets\/","url":"https:\/\/areco.org.es\/en\/reusable-transport-packaging-contributes-to-achieving-cop28-targets\/","name":"Reusable transport packaging contributes to achieving COP28 targets - ARECO","isPartOf":{"@id":"https:\/\/areco.org.es\/#website"},"primaryImageOfPage":{"@id":"https:\/\/areco.org.es\/en\/reusable-transport-packaging-contributes-to-achieving-cop28-targets\/#primaryimage"},"image":{"@id":"https:\/\/areco.org.es\/en\/reusable-transport-packaging-contributes-to-achieving-cop28-targets\/#primaryimage"},"thumbnailUrl":"https:\/\/areco.org.es\/wp-content\/uploads\/2023\/12\/photo_6037343942560825957_y.jpg","datePublished":"2023-12-15T10:11:40+00:00","description":"Food systems in COP28","breadcrumb":{"@id":"https:\/\/areco.org.es\/en\/reusable-transport-packaging-contributes-to-achieving-cop28-targets\/#breadcrumb"},"inLanguage":"en-US","potentialAction":[{"@type":"ReadAction","target":["https:\/\/areco.org.es\/en\/reusable-transport-packaging-contributes-to-achieving-cop28-targets\/"]}]},{"@type":"ImageObject","inLanguage":"en-US","@id":"https:\/\/areco.org.es\/en\/reusable-transport-packaging-contributes-to-achieving-cop28-targets\/#primaryimage","url":"https:\/\/areco.org.es\/wp-content\/uploads\/2023\/12\/photo_6037343942560825957_y.jpg","contentUrl":"https:\/\/areco.org.es\/wp-content\/uploads\/2023\/12\/photo_6037343942560825957_y.jpg","width":848,"height":500},{"@type":"BreadcrumbList","@id":"https:\/\/areco.org.es\/en\/reusable-transport-packaging-contributes-to-achieving-cop28-targets\/#breadcrumb","itemListElement":[{"@type":"ListItem","position":1,"name":"Portada","item":"https:\/\/areco.org.es\/en\/"},{"@type":"ListItem","position":2,"name":"Reusable transport packaging contributes to achieving COP28 targets"}]},{"@type":"WebSite","@id":"https:\/\/areco.org.es\/#website","url":"https:\/\/areco.org.es\/","name":"ARECO","description":"Envases reutilizables","publisher":{"@id":"https:\/\/areco.org.es\/#organization"},"potentialAction":[{"@type":"SearchAction","target":{"@type":"EntryPoint","urlTemplate":"https:\/\/areco.org.es\/?s={search_term_string}"},"query-input":{"@type":"PropertyValueSpecification","valueRequired":true,"valueName":"search_term_string"}}],"inLanguage":"en-US"},{"@type":"Organization","@id":"https:\/\/areco.org.es\/#organization","name":"Areco","url":"https:\/\/areco.org.es\/","logo":{"@type":"ImageObject","inLanguage":"en-US","@id":"https:\/\/areco.org.es\/#\/schema\/logo\/image\/","url":"https:\/\/areco.org.es\/wp-content\/uploads\/2021\/02\/LOGO-DEF-VECTORIAL1-1.png","contentUrl":"https:\/\/areco.org.es\/wp-content\/uploads\/2021\/02\/LOGO-DEF-VECTORIAL1-1.png","width":432,"height":134,"caption":"Areco"},"image":{"@id":"https:\/\/areco.org.es\/#\/schema\/logo\/image\/"},"sameAs":["https:\/\/www.linkedin.com\/company\/areco-envases-reutilizables"]},{"@type":"Person","@id":"https:\/\/areco.org.es\/#\/schema\/person\/1e6879aaf91e1b80e28af22d96c684b6","name":"patricia","image":{"@type":"ImageObject","inLanguage":"en-US","@id":"https:\/\/areco.org.es\/#\/schema\/person\/image\/","url":"https:\/\/secure.gravatar.com\/avatar\/3fc075dc6170008ff08e7c8f72bbcfe84f302be8ecd11b65e26ae1f178c750aa?s=96&d=mm&r=g","contentUrl":"https:\/\/secure.gravatar.com\/avatar\/3fc075dc6170008ff08e7c8f72bbcfe84f302be8ecd11b65e26ae1f178c750aa?s=96&d=mm&r=g","caption":"patricia"}}]}},"_links":{"self":[{"href":"https:\/\/areco.org.es\/en\/wp-json\/wp\/v2\/posts\/2430","targetHints":{"allow":["GET"]}}],"collection":[{"href":"https:\/\/areco.org.es\/en\/wp-json\/wp\/v2\/posts"}],"about":[{"href":"https:\/\/areco.org.es\/en\/wp-json\/wp\/v2\/types\/post"}],"author":[{"embeddable":true,"href":"https:\/\/areco.org.es\/en\/wp-json\/wp\/v2\/users\/990003"}],"replies":[{"embeddable":true,"href":"https:\/\/areco.org.es\/en\/wp-json\/wp\/v2\/comments?post=2430"}],"version-history":[{"count":1,"href":"https:\/\/areco.org.es\/en\/wp-json\/wp\/v2\/posts\/2430\/revisions"}],"predecessor-version":[{"id":2431,"href":"https:\/\/areco.org.es\/en\/wp-json\/wp\/v2\/posts\/2430\/revisions\/2431"}],"wp:featuredmedia":[{"embeddable":true,"href":"https:\/\/areco.org.es\/en\/wp-json\/wp\/v2\/media\/2427"}],"wp:attachment":[{"href":"https:\/\/areco.org.es\/en\/wp-json\/wp\/v2\/media?parent=2430"}],"wp:term":[{"taxonomy":"category","embeddable":true,"href":"https:\/\/areco.org.es\/en\/wp-json\/wp\/v2\/categories?post=2430"},{"taxonomy":"post_tag","embeddable":true,"href":"https:\/\/areco.org.es\/en\/wp-json\/wp\/v2\/tags?post=2430"}],"curies":[{"name":"wp","href":"https:\/\/api.w.org\/{rel}","templated":true}]}}